{"id":13048,"date":"2018-04-08T16:00:26","date_gmt":"2018-04-08T15:00:26","guid":{"rendered":"https:\/\/mileon.wordpress.com\/?p=13048"},"modified":"2018-04-08T16:00:26","modified_gmt":"2018-04-08T15:00:26","slug":"sesion-clinica-10-2018-linfoma-hodking-tras-sindrome-nefrotico-por-lesion-de-cambios-minimos","status":"publish","type":"post","link":"https:\/\/www.icscyl.com\/mileon\/sesiones-clinicas\/2018-04-08\/sesion-clinica-10-2018-linfoma-hodking-tras-sindrome-nefrotico-por-lesion-de-cambios-minimos\/","title":{"rendered":"Sesi\u00f3n cl\u00ednica 10\/2018: Linfoma Hodking tras s\u00edndrome nefr\u00f3tico por lesi\u00f3n de cambios m\u00ednimos"},"content":{"rendered":"<p><img loading=\"lazy\" decoding=\"async\" class=\"alignright size-thumbnail wp-image-13049\" src=\"https:\/\/mileon.files.wordpress.com\/2018\/04\/colaboracion_3.png?w=150\" alt=\"colaboracion_3\" width=\"150\" height=\"82\" \/>El caso de esta semana trataba sobre un paciente con diagn\u00f3stico previo de s\u00edndrome nefr\u00f3tico con biopsia compatible con nefropat\u00eda por cambios m\u00ednimos, que presentaba cuadro de dolor tor\u00e1cico at\u00edpico de un tiempo de evoluci\u00f3n y con ensanchamiento mediast\u00ednico en la radiograf\u00eda de t\u00f3rax. El diagn\u00f3stico diferencial lo realiz\u00f3 la Dra. Mart\u00ednez (R2) y la soluci\u00f3n fue aportada por el Dr. Herrera. Su presentaci\u00f3n se encuentra disponible en este\u00a0<a href=\"https:\/\/drive.google.com\/open?id=17WLKJ2VqlpCd0KeRZZ3S4Z8gP_o8-hiP\">enlace<\/a>. Se coment\u00f3 que esta asociaci\u00f3n descrita con cierta frecuencia en la literatura m\u00e9dica, es de todas formas bastante excepcional en la pr\u00e1ctica cl\u00ednica.<\/p>\n","protected":false},"excerpt":{"rendered":"<p>El caso de esta semana trataba sobre un paciente con diagn\u00f3stico previo de s\u00edndrome nefr\u00f3tico con biopsia compatible con nefropat\u00eda por cambios m\u00ednimos, que presentaba cuadro de dolor tor\u00e1cico at\u00edpico de un tiempo de evoluci\u00f3n y con ensanchamiento mediast\u00ednico en la radiograf\u00eda de t\u00f3rax. El diagn\u00f3stico diferencial lo realiz\u00f3 la Dra. Mart\u00ednez (R2) y la [&hellip;]<\/p>\n","protected":false},"author":4,"featured_media":0,"comment_status":"open","ping_status":"open","sticky":false,"template":"","format":"standard","meta":{"jetpack_post_was_ever_published":false,"_jetpack_newsletter_access":"","_jetpack_dont_email_post_to_subs":false,"_jetpack_newsletter_tier_id":0,"_jetpack_memberships_contains_paywalled_content":false,"_jetpack_memberships_contains_paid_content":false,"footnotes":"","jetpack_publicize_message":"","jetpack_publicize_feature_enabled":true,"jetpack_social_post_already_shared":false,"jetpack_social_options":{"image_generator_settings":{"template":"highway","default_image_id":0,"font":"","enabled":false},"version":2}},"categories":[723],"tags":[868],"class_list":["post-13048","post","type-post","status-publish","format-standard","hentry","category-sesiones-clinicas","tag-herrera"],"jetpack_publicize_connections":[],"jetpack_featured_media_url":"","jetpack_sharing_enabled":true,"post_mailing_queue_ids":[],"_links":{"self":[{"href":"https:\/\/www.icscyl.com\/mileon\/wp-json\/wp\/v2\/posts\/13048","targetHints":{"allow":["GET"]}}],"collection":[{"href":"https:\/\/www.icscyl.com\/mileon\/wp-json\/wp\/v2\/posts"}],"about":[{"href":"https:\/\/www.icscyl.com\/mileon\/wp-json\/wp\/v2\/types\/post"}],"author":[{"embeddable":true,"href":"https:\/\/www.icscyl.com\/mileon\/wp-json\/wp\/v2\/users\/4"}],"replies":[{"embeddable":true,"href":"https:\/\/www.icscyl.com\/mileon\/wp-json\/wp\/v2\/comments?post=13048"}],"version-history":[{"count":0,"href":"https:\/\/www.icscyl.com\/mileon\/wp-json\/wp\/v2\/posts\/13048\/revisions"}],"wp:attachment":[{"href":"https:\/\/www.icscyl.com\/mileon\/wp-json\/wp\/v2\/media?parent=13048"}],"wp:term":[{"taxonomy":"category","embeddable":true,"href":"https:\/\/www.icscyl.com\/mileon\/wp-json\/wp\/v2\/categories?post=13048"},{"taxonomy":"post_tag","embeddable":true,"href":"https:\/\/www.icscyl.com\/mileon\/wp-json\/wp\/v2\/tags?post=13048"}],"curies":[{"name":"wp","href":"https:\/\/api.w.org\/{rel}","templated":true}]}}