{"id":13018,"date":"2018-03-20T21:15:52","date_gmt":"2018-03-20T20:15:52","guid":{"rendered":"https:\/\/mileon.wordpress.com\/?p=13018"},"modified":"2018-03-20T21:15:52","modified_gmt":"2018-03-20T20:15:52","slug":"nuevos-farmacos-y-nuevas-toxicidades-en-el-tratamiento-del-cancer","status":"publish","type":"post","link":"https:\/\/www.icscyl.com\/mileon\/maitines\/2018-03-20\/nuevos-farmacos-y-nuevas-toxicidades-en-el-tratamiento-del-cancer\/","title":{"rendered":"Nuevos f\u00e1rmacos y nuevas toxicidades en el tratamiento del c\u00e1ncer."},"content":{"rendered":"<p style=\"text-align:justify;\">La Sesi\u00f3n de hoy la present\u00f3 el Dr. Demetrio Carriedo, del S\u00ba de UCI. Hace una revisi\u00f3n de los nuevos f\u00e1rmacos aparecidos en los \u00faltimos a\u00f1os, bajo la denominaci\u00f3n general de<img loading=\"lazy\" decoding=\"async\" class=\"  wp-image-13019 alignright\" src=\"https:\/\/mileon.files.wordpress.com\/2018\/03\/imagen12.jpg\" alt=\"Imagen1\" width=\"285\" height=\"231\" \/> anticuerpos monoclonales, utilizados entre otras patolog\u00edas, para el tratamiento del c\u00e1ncer. Se hace una descripci\u00f3n general con su clasificaci\u00f3n seg\u00fan mecanismos de acci\u00f3n y se detallan los posibles efectos secundarios y su manejo. Se hace una reflexi\u00f3n sobre el enfoque de los pacientes sometidos a estos tratamientos, cuando presentan complicaciones y se valora su ingreso en UCI. De hecho, se destaca la aparici\u00f3n de sesiones y documentos de consenso conjuntos entre estos Servicios para resolver un problema tan complejo.<\/p>\n<p style=\"text-align:justify;\">Para ver la presentaci\u00f3n completa <a href=\"https:\/\/drive.google.com\/file\/d\/1CES7Zr0Bu93cOyouBXxJ0t25mGHmCjxf\/view?usp=sharing\"><strong><em>pinchar AQU\u00cd<\/em><\/strong><\/a><\/p>\n","protected":false},"excerpt":{"rendered":"<p>La Sesi\u00f3n de hoy la present\u00f3 el Dr. Demetrio Carriedo, del S\u00ba de UCI. Hace una revisi\u00f3n de los nuevos f\u00e1rmacos aparecidos en los \u00faltimos a\u00f1os, bajo la denominaci\u00f3n general de anticuerpos monoclonales, utilizados entre otras patolog\u00edas, para el tratamiento del c\u00e1ncer. Se hace una descripci\u00f3n general con su clasificaci\u00f3n seg\u00fan mecanismos de acci\u00f3n y [&hellip;]<\/p>\n","protected":false},"author":5,"featured_media":0,"comment_status":"open","ping_status":"open","sticky":false,"template":"","format":"standard","meta":{"jetpack_post_was_ever_published":false,"_jetpack_newsletter_access":"","_jetpack_dont_email_post_to_subs":false,"_jetpack_newsletter_tier_id":0,"_jetpack_memberships_contains_paywalled_content":false,"_jetpack_memberships_contains_paid_content":false,"footnotes":"","jetpack_publicize_message":"","jetpack_publicize_feature_enabled":true,"jetpack_social_post_already_shared":false,"jetpack_social_options":{"image_generator_settings":{"template":"highway","default_image_id":0,"font":"","enabled":false},"version":2}},"categories":[715],"tags":[],"class_list":["post-13018","post","type-post","status-publish","format-standard","hentry","category-maitines"],"jetpack_publicize_connections":[],"jetpack_featured_media_url":"","jetpack_sharing_enabled":true,"post_mailing_queue_ids":[],"_links":{"self":[{"href":"https:\/\/www.icscyl.com\/mileon\/wp-json\/wp\/v2\/posts\/13018","targetHints":{"allow":["GET"]}}],"collection":[{"href":"https:\/\/www.icscyl.com\/mileon\/wp-json\/wp\/v2\/posts"}],"about":[{"href":"https:\/\/www.icscyl.com\/mileon\/wp-json\/wp\/v2\/types\/post"}],"author":[{"embeddable":true,"href":"https:\/\/www.icscyl.com\/mileon\/wp-json\/wp\/v2\/users\/5"}],"replies":[{"embeddable":true,"href":"https:\/\/www.icscyl.com\/mileon\/wp-json\/wp\/v2\/comments?post=13018"}],"version-history":[{"count":0,"href":"https:\/\/www.icscyl.com\/mileon\/wp-json\/wp\/v2\/posts\/13018\/revisions"}],"wp:attachment":[{"href":"https:\/\/www.icscyl.com\/mileon\/wp-json\/wp\/v2\/media?parent=13018"}],"wp:term":[{"taxonomy":"category","embeddable":true,"href":"https:\/\/www.icscyl.com\/mileon\/wp-json\/wp\/v2\/categories?post=13018"},{"taxonomy":"post_tag","embeddable":true,"href":"https:\/\/www.icscyl.com\/mileon\/wp-json\/wp\/v2\/tags?post=13018"}],"curies":[{"name":"wp","href":"https:\/\/api.w.org\/{rel}","templated":true}]}}