{"id":13014,"date":"2018-03-20T09:00:36","date_gmt":"2018-03-20T08:00:36","guid":{"rendered":"https:\/\/mileon.wordpress.com\/?p=13014"},"modified":"2018-03-20T09:00:36","modified_gmt":"2018-03-20T08:00:36","slug":"enfermedades-autoinflamatorias","status":"publish","type":"post","link":"https:\/\/www.icscyl.com\/mileon\/residentes\/2018-03-20\/enfermedades-autoinflamatorias\/","title":{"rendered":"Enfermedades autoinflamatorias"},"content":{"rendered":"<p><img loading=\"lazy\" decoding=\"async\" class=\"alignright size-thumbnail wp-image-13016\" src=\"https:\/\/mileon.files.wordpress.com\/2018\/03\/muckle-wells.jpg?w=150\" alt=\"Muckle-Wells\" width=\"150\" height=\"84\" \/>La sesi\u00f3n bibliogr\u00e1fica del pasado 12 de Marzo fue presentada por la Dra. Mont\u00e1nchez (R1 de Inmunolog\u00eda) que repas\u00f3 estas entidades poco frecuentes en la pr\u00e1ctica cl\u00ednica, su fisiopatolog\u00eda, los diferentes tipos y sus s\u00edntomas m\u00e1s habituales y coment\u00f3 su abordaje terape\u00fatico. Su presentaci\u00f3n se encuentra disponible\u00a0<a href=\"https:\/\/drive.google.com\/open?id=1aNz2LjKQbQMMGYc7IAtJvaXfBE1Gq6zs\">aqu\u00ed.<\/a><\/p>\n","protected":false},"excerpt":{"rendered":"<p>La sesi\u00f3n bibliogr\u00e1fica del pasado 12 de Marzo fue presentada por la Dra. Mont\u00e1nchez (R1 de Inmunolog\u00eda) que repas\u00f3 estas entidades poco frecuentes en la pr\u00e1ctica cl\u00ednica, su fisiopatolog\u00eda, los diferentes tipos y sus s\u00edntomas m\u00e1s habituales y coment\u00f3 su abordaje terape\u00fatico. Su presentaci\u00f3n se encuentra disponible\u00a0aqu\u00ed.<\/p>\n","protected":false},"author":4,"featured_media":0,"comment_status":"open","ping_status":"open","sticky":false,"template":"","format":"standard","meta":{"jetpack_post_was_ever_published":false,"_jetpack_newsletter_access":"","_jetpack_dont_email_post_to_subs":false,"_jetpack_newsletter_tier_id":0,"_jetpack_memberships_contains_paywalled_content":false,"_jetpack_memberships_contains_paid_content":false,"footnotes":"","jetpack_publicize_message":"","jetpack_publicize_feature_enabled":true,"jetpack_social_post_already_shared":false,"jetpack_social_options":{"image_generator_settings":{"template":"highway","default_image_id":0,"font":"","enabled":false},"version":2}},"categories":[721],"tags":[936],"class_list":["post-13014","post","type-post","status-publish","format-standard","hentry","category-residentes","tag-montanchez"],"jetpack_publicize_connections":[],"jetpack_featured_media_url":"","jetpack_sharing_enabled":true,"post_mailing_queue_ids":[],"_links":{"self":[{"href":"https:\/\/www.icscyl.com\/mileon\/wp-json\/wp\/v2\/posts\/13014","targetHints":{"allow":["GET"]}}],"collection":[{"href":"https:\/\/www.icscyl.com\/mileon\/wp-json\/wp\/v2\/posts"}],"about":[{"href":"https:\/\/www.icscyl.com\/mileon\/wp-json\/wp\/v2\/types\/post"}],"author":[{"embeddable":true,"href":"https:\/\/www.icscyl.com\/mileon\/wp-json\/wp\/v2\/users\/4"}],"replies":[{"embeddable":true,"href":"https:\/\/www.icscyl.com\/mileon\/wp-json\/wp\/v2\/comments?post=13014"}],"version-history":[{"count":0,"href":"https:\/\/www.icscyl.com\/mileon\/wp-json\/wp\/v2\/posts\/13014\/revisions"}],"wp:attachment":[{"href":"https:\/\/www.icscyl.com\/mileon\/wp-json\/wp\/v2\/media?parent=13014"}],"wp:term":[{"taxonomy":"category","embeddable":true,"href":"https:\/\/www.icscyl.com\/mileon\/wp-json\/wp\/v2\/categories?post=13014"},{"taxonomy":"post_tag","embeddable":true,"href":"https:\/\/www.icscyl.com\/mileon\/wp-json\/wp\/v2\/tags?post=13014"}],"curies":[{"name":"wp","href":"https:\/\/api.w.org\/{rel}","templated":true}]}}