{"id":13002,"date":"2018-03-12T19:00:22","date_gmt":"2018-03-12T18:00:22","guid":{"rendered":"https:\/\/mileon.wordpress.com\/?p=13002"},"modified":"2018-03-12T19:00:22","modified_gmt":"2018-03-12T18:00:22","slug":"esofagitis-eosinofila","status":"publish","type":"post","link":"https:\/\/www.icscyl.com\/mileon\/maitines\/2018-03-12\/esofagitis-eosinofila\/","title":{"rendered":"Esofagitis eosin\u00f3fila."},"content":{"rendered":"<p style=\"text-align:justify;\">El martes 6 de Abril, el Dr. Santiago Vivas, del S\u00ba de Digestivo, hace una revisi\u00f3n sobre esta entidad. Se trata de una enfermedad descrita recientemente, con un progresivo<img loading=\"lazy\" decoding=\"async\" class=\"  wp-image-13003 alignright\" src=\"https:\/\/mileon.files.wordpress.com\/2018\/03\/desordenes-eosinofilicos-primera-parte.jpg\" alt=\"desordenes-eosinofilicos-primera-parte\" width=\"249\" height=\"187\" \/> aumento en el n\u00famero de citas en PubMed. Se caracteriza por una disfunci\u00f3n esof\u00e1gica con una inflamaci\u00f3n t\u00edpicamente eosinof\u00edlica. La cl\u00ednica caracter\u00edstica aparece entre los 30-50 a\u00f1os, con impactaciones repetidas de bolo alimenticio, disfagia, pirosis y dolor tor\u00e1cico. En su etiopatogenia destacan una serie de factores desencadenantes (leche de vaca, prote\u00ednas del huevo, ciertos moluscos o frutos secos, soja&#8230;) que provocan una liberaci\u00f3n de eotaxina-3 que ser\u00eda la relacionada con el aumento de eosin\u00f3filos. Se destaca tambi\u00e9n la evoluci\u00f3n a la cronicidad, seguida de fibrosis y posibles estenosis. Respecto al tratamiento, la posibilidad de usar IBPs\/corticoides locales, y por otro lado dietas de eliminaci\u00f3n intentando evitar los posibles desencadenantes. En el turno de preguntas, se plantean las dificultades para realizar un seguimiento individualizado de estos pacientes y la necesidad de endoscopias repetidas.<\/p>\n<p style=\"text-align:justify;\">Para ver la presentaci\u00f3n completa <a href=\"https:\/\/drive.google.com\/file\/d\/1g5t0hjAwiL_Z_WgvGmsFECBaw_pU8Da5\/view?usp=sharing\"><em><strong>pinchar AQU\u00cd<\/strong><\/em><\/a><\/p>\n","protected":false},"excerpt":{"rendered":"<p>El martes 6 de Abril, el Dr. Santiago Vivas, del S\u00ba de Digestivo, hace una revisi\u00f3n sobre esta entidad. Se trata de una enfermedad descrita recientemente, con un progresivo aumento en el n\u00famero de citas en PubMed. Se caracteriza por una disfunci\u00f3n esof\u00e1gica con una inflamaci\u00f3n t\u00edpicamente eosinof\u00edlica. La cl\u00ednica caracter\u00edstica aparece entre los 30-50 [&hellip;]<\/p>\n","protected":false},"author":5,"featured_media":0,"comment_status":"open","ping_status":"open","sticky":false,"template":"","format":"standard","meta":{"jetpack_post_was_ever_published":false,"_jetpack_newsletter_access":"","_jetpack_dont_email_post_to_subs":false,"_jetpack_newsletter_tier_id":0,"_jetpack_memberships_contains_paywalled_content":false,"_jetpack_memberships_contains_paid_content":false,"footnotes":"","jetpack_publicize_message":"","jetpack_publicize_feature_enabled":true,"jetpack_social_post_already_shared":false,"jetpack_social_options":{"image_generator_settings":{"template":"highway","default_image_id":0,"font":"","enabled":false},"version":2}},"categories":[715],"tags":[1062],"class_list":["post-13002","post","type-post","status-publish","format-standard","hentry","category-maitines","tag-vivas"],"jetpack_publicize_connections":[],"jetpack_featured_media_url":"","jetpack_sharing_enabled":true,"post_mailing_queue_ids":[],"_links":{"self":[{"href":"https:\/\/www.icscyl.com\/mileon\/wp-json\/wp\/v2\/posts\/13002","targetHints":{"allow":["GET"]}}],"collection":[{"href":"https:\/\/www.icscyl.com\/mileon\/wp-json\/wp\/v2\/posts"}],"about":[{"href":"https:\/\/www.icscyl.com\/mileon\/wp-json\/wp\/v2\/types\/post"}],"author":[{"embeddable":true,"href":"https:\/\/www.icscyl.com\/mileon\/wp-json\/wp\/v2\/users\/5"}],"replies":[{"embeddable":true,"href":"https:\/\/www.icscyl.com\/mileon\/wp-json\/wp\/v2\/comments?post=13002"}],"version-history":[{"count":0,"href":"https:\/\/www.icscyl.com\/mileon\/wp-json\/wp\/v2\/posts\/13002\/revisions"}],"wp:attachment":[{"href":"https:\/\/www.icscyl.com\/mileon\/wp-json\/wp\/v2\/media?parent=13002"}],"wp:term":[{"taxonomy":"category","embeddable":true,"href":"https:\/\/www.icscyl.com\/mileon\/wp-json\/wp\/v2\/categories?post=13002"},{"taxonomy":"post_tag","embeddable":true,"href":"https:\/\/www.icscyl.com\/mileon\/wp-json\/wp\/v2\/tags?post=13002"}],"curies":[{"name":"wp","href":"https:\/\/api.w.org\/{rel}","templated":true}]}}