{"id":12964,"date":"2018-02-23T09:30:04","date_gmt":"2018-02-23T08:30:04","guid":{"rendered":"https:\/\/mileon.wordpress.com\/?p=12964"},"modified":"2018-02-23T09:30:04","modified_gmt":"2018-02-23T08:30:04","slug":"neumonia-adquirida-en-la-comunidad-diagnostico-y-tratamiento","status":"publish","type":"post","link":"https:\/\/www.icscyl.com\/mileon\/residentes\/2018-02-23\/neumonia-adquirida-en-la-comunidad-diagnostico-y-tratamiento\/","title":{"rendered":"Neumon\u00eda adquirida en la comunidad: diagn\u00f3stico y tratamiento"},"content":{"rendered":"<p><img loading=\"lazy\" decoding=\"async\" class=\"alignright size-thumbnail wp-image-12965\" src=\"https:\/\/mileon.files.wordpress.com\/2018\/02\/neumonia.jpg?w=150\" alt=\"neumonia\" width=\"150\" height=\"113\" \/>Revisi\u00f3n presentada por la Dra. M\u00e9ndez (R1 de Medicina Familiar y Comunitaria) el pasado lunes, que repas\u00f3 el manejo diagn\u00f3stico de esta entidad y el abordaje terape\u00fatico, incidiendo en las diferentes escalas de estratificaci\u00f3n pron\u00f3stica. De hecho, se coment\u00f3 al t\u00e9rmino de la charla la importancia de individualizar cada caso y no hacer caso \u00fanicamente de las escalas sino tambi\u00e9n del sentido com\u00fan y los hallazgos exploratorios. En este\u00a0<a href=\"https:\/\/drive.google.com\/open?id=1K0Nw6Rj6N50cR4IZlyIcRxuUv7enIWmX\">enlace<\/a>\u00a0se encuentra disponible su presentaci\u00f3n.<\/p>\n","protected":false},"excerpt":{"rendered":"<p>Revisi\u00f3n presentada por la Dra. M\u00e9ndez (R1 de Medicina Familiar y Comunitaria) el pasado lunes, que repas\u00f3 el manejo diagn\u00f3stico de esta entidad y el abordaje terape\u00fatico, incidiendo en las diferentes escalas de estratificaci\u00f3n pron\u00f3stica. De hecho, se coment\u00f3 al t\u00e9rmino de la charla la importancia de individualizar cada caso y no hacer caso \u00fanicamente [&hellip;]<\/p>\n","protected":false},"author":4,"featured_media":0,"comment_status":"open","ping_status":"open","sticky":false,"template":"","format":"standard","meta":{"jetpack_post_was_ever_published":false,"_jetpack_newsletter_access":"","_jetpack_dont_email_post_to_subs":false,"_jetpack_newsletter_tier_id":0,"_jetpack_memberships_contains_paywalled_content":false,"_jetpack_memberships_contains_paid_content":false,"footnotes":"","jetpack_publicize_message":"","jetpack_publicize_feature_enabled":true,"jetpack_social_post_already_shared":false,"jetpack_social_options":{"image_generator_settings":{"template":"highway","default_image_id":0,"font":"","enabled":false},"version":2}},"categories":[721],"tags":[925],"class_list":["post-12964","post","type-post","status-publish","format-standard","hentry","category-residentes","tag-mendez"],"jetpack_publicize_connections":[],"jetpack_featured_media_url":"","jetpack_sharing_enabled":true,"post_mailing_queue_ids":[],"_links":{"self":[{"href":"https:\/\/www.icscyl.com\/mileon\/wp-json\/wp\/v2\/posts\/12964","targetHints":{"allow":["GET"]}}],"collection":[{"href":"https:\/\/www.icscyl.com\/mileon\/wp-json\/wp\/v2\/posts"}],"about":[{"href":"https:\/\/www.icscyl.com\/mileon\/wp-json\/wp\/v2\/types\/post"}],"author":[{"embeddable":true,"href":"https:\/\/www.icscyl.com\/mileon\/wp-json\/wp\/v2\/users\/4"}],"replies":[{"embeddable":true,"href":"https:\/\/www.icscyl.com\/mileon\/wp-json\/wp\/v2\/comments?post=12964"}],"version-history":[{"count":0,"href":"https:\/\/www.icscyl.com\/mileon\/wp-json\/wp\/v2\/posts\/12964\/revisions"}],"wp:attachment":[{"href":"https:\/\/www.icscyl.com\/mileon\/wp-json\/wp\/v2\/media?parent=12964"}],"wp:term":[{"taxonomy":"category","embeddable":true,"href":"https:\/\/www.icscyl.com\/mileon\/wp-json\/wp\/v2\/categories?post=12964"},{"taxonomy":"post_tag","embeddable":true,"href":"https:\/\/www.icscyl.com\/mileon\/wp-json\/wp\/v2\/tags?post=12964"}],"curies":[{"name":"wp","href":"https:\/\/api.w.org\/{rel}","templated":true}]}}