{"id":12961,"date":"2018-02-22T10:03:01","date_gmt":"2018-02-22T09:03:01","guid":{"rendered":"https:\/\/mileon.wordpress.com\/?p=12961"},"modified":"2018-02-22T10:03:01","modified_gmt":"2018-02-22T09:03:01","slug":"arteritis-de-celulas-gigantes-y-neoplasias-en-pacientes-tratados-con-tnf","status":"publish","type":"post","link":"https:\/\/www.icscyl.com\/mileon\/sesiones-bibliograficas\/2018-02-22\/arteritis-de-celulas-gigantes-y-neoplasias-en-pacientes-tratados-con-tnf\/","title":{"rendered":"Arteritis de c\u00e9lulas gigantes y neoplasias en pacientes tratados con TNF"},"content":{"rendered":"<p><img loading=\"lazy\" decoding=\"async\" class=\"alignright size-thumbnail wp-image-12962\" src=\"https:\/\/mileon.files.wordpress.com\/2018\/02\/407265_184921_1.jpg?w=150\" alt=\"407265_184921_1\" width=\"150\" height=\"79\" \/>La sesi\u00f3n bibliogr\u00e1fica del pasado viernes fue presentada por la Dra. Garc\u00eda, que repas\u00f3 dos art\u00edculos centrados en patolog\u00eda autoimmune publicados en JAMA Internal Medicine y en el IMJ:<\/p>\n<ul>\n<li>Malignant neoplasms in patients with rheumatoid arthritis treated with tumor necrosis factor inhibitors, tocilizumab, abatacept, or rituximab in clinical practice (JAMA Internal Medicine)<\/li>\n<li>Arteritis de c\u00e9lulas gigantes: m\u00e1s alla de la biopsia y esteroides (Internal Medicine Journal)<\/li>\n<\/ul>\n<p>Su presentaci\u00f3n se encuentra disponible en este\u00a0<a href=\"https:\/\/drive.google.com\/open?id=19Gytf43Xd2578x_f39VB29qnMBso0UFS\">enlace.<\/a><\/p>\n","protected":false},"excerpt":{"rendered":"<p>La sesi\u00f3n bibliogr\u00e1fica del pasado viernes fue presentada por la Dra. Garc\u00eda, que repas\u00f3 dos art\u00edculos centrados en patolog\u00eda autoimmune publicados en JAMA Internal Medicine y en el IMJ: Malignant neoplasms in patients with rheumatoid arthritis treated with tumor necrosis factor inhibitors, tocilizumab, abatacept, or rituximab in clinical practice (JAMA Internal Medicine) Arteritis de c\u00e9lulas [&hellip;]<\/p>\n","protected":false},"author":4,"featured_media":0,"comment_status":"open","ping_status":"open","sticky":false,"template":"","format":"standard","meta":{"jetpack_post_was_ever_published":false,"_jetpack_newsletter_access":"","_jetpack_dont_email_post_to_subs":false,"_jetpack_newsletter_tier_id":0,"_jetpack_memberships_contains_paywalled_content":false,"_jetpack_memberships_contains_paid_content":false,"footnotes":"","jetpack_publicize_message":"","jetpack_publicize_feature_enabled":true,"jetpack_social_post_already_shared":false,"jetpack_social_options":{"image_generator_settings":{"template":"highway","default_image_id":0,"font":"","enabled":false},"version":2}},"categories":[722],"tags":[803],"class_list":["post-12961","post","type-post","status-publish","format-standard","hentry","category-sesiones-bibliograficas","tag-charo-garcia"],"jetpack_publicize_connections":[],"jetpack_featured_media_url":"","jetpack_sharing_enabled":true,"post_mailing_queue_ids":[],"_links":{"self":[{"href":"https:\/\/www.icscyl.com\/mileon\/wp-json\/wp\/v2\/posts\/12961","targetHints":{"allow":["GET"]}}],"collection":[{"href":"https:\/\/www.icscyl.com\/mileon\/wp-json\/wp\/v2\/posts"}],"about":[{"href":"https:\/\/www.icscyl.com\/mileon\/wp-json\/wp\/v2\/types\/post"}],"author":[{"embeddable":true,"href":"https:\/\/www.icscyl.com\/mileon\/wp-json\/wp\/v2\/users\/4"}],"replies":[{"embeddable":true,"href":"https:\/\/www.icscyl.com\/mileon\/wp-json\/wp\/v2\/comments?post=12961"}],"version-history":[{"count":0,"href":"https:\/\/www.icscyl.com\/mileon\/wp-json\/wp\/v2\/posts\/12961\/revisions"}],"wp:attachment":[{"href":"https:\/\/www.icscyl.com\/mileon\/wp-json\/wp\/v2\/media?parent=12961"}],"wp:term":[{"taxonomy":"category","embeddable":true,"href":"https:\/\/www.icscyl.com\/mileon\/wp-json\/wp\/v2\/categories?post=12961"},{"taxonomy":"post_tag","embeddable":true,"href":"https:\/\/www.icscyl.com\/mileon\/wp-json\/wp\/v2\/tags?post=12961"}],"curies":[{"name":"wp","href":"https:\/\/api.w.org\/{rel}","templated":true}]}}