{"id":12952,"date":"2018-02-17T20:48:01","date_gmt":"2018-02-17T19:48:01","guid":{"rendered":"https:\/\/mileon.wordpress.com\/?p=12952"},"modified":"2018-02-17T20:48:01","modified_gmt":"2018-02-17T19:48:01","slug":"sesion-5-2017-adenocarcinoma-de-sigma-perforado","status":"publish","type":"post","link":"https:\/\/www.icscyl.com\/mileon\/sesiones-clinicas\/2018-02-17\/sesion-5-2017-adenocarcinoma-de-sigma-perforado\/","title":{"rendered":"Sesi\u00f3n 5\/2018: adenocarcinoma de sigma perforado."},"content":{"rendered":"<p style=\"text-align:left;\"><a href=\"https:\/\/mileon.wordpress.com\/2018\/02\/09\/sesion-clinica-5-2018-proximo-14-de-febrero\/rx-torax-pa-20\/#main\" rel=\"attachment wp-att-12925\"><img loading=\"lazy\" decoding=\"async\" class=\"alignright  wp-image-12925\" src=\"https:\/\/mileon.files.wordpress.com\/2018\/02\/rx-torax-pa1.jpg?w=300\" alt=\"\" width=\"165\" height=\"158\" \/><\/a>Mujer de 76 a\u00f1os sin antecedentes de inter\u00e9s que presenta dolor abdominal desde hace 5 horas con palpaci\u00f3n abdominal patol\u00f3gica y alteraciones significativas en los estudios radiol\u00f3gicos practicados.<\/p>\n<p style=\"text-align:left;\">El diagn\u00f3stico diferencial lo hizo el Dr. Manuel Mart\u00edn Regidor (R2 MI) a partir del dolor abdominal y se puede visualizar en el siguiente <strong><a href=\"https:\/\/drive.google.com\/file\/d\/1Fc9U5mVY4qJ-N84YfG-1kSWMcq7gpGp_\/view?usp=sharing\">enlace.<\/a><\/strong><br \/>\nMe correspondi\u00f3 dar la soluci\u00f3n. Las im\u00e1genes del TAC y los resultados de las pruebas realizadas junto a la evoluci\u00f3n y ciertos aspectos de repaso sobre el caso presentado se pueden descargar <strong><a href=\"https:\/\/drive.google.com\/file\/d\/1b4cykWLOKU1HDTp4bCqFi9mtmPF8udyq\/view?usp=sharing\">aqu\u00ed.<\/a><\/strong><\/p>\n","protected":false},"excerpt":{"rendered":"<p>Mujer de 76 a\u00f1os sin antecedentes de inter\u00e9s que presenta dolor abdominal desde hace 5 horas con palpaci\u00f3n abdominal patol\u00f3gica y alteraciones significativas en los estudios radiol\u00f3gicos practicados. El diagn\u00f3stico diferencial lo hizo el Dr. Manuel Mart\u00edn Regidor (R2 MI) a partir del dolor abdominal y se puede visualizar en el siguiente enlace. Me correspondi\u00f3 [&hellip;]<\/p>\n","protected":false},"author":6,"featured_media":0,"comment_status":"open","ping_status":"open","sticky":false,"template":"","format":"standard","meta":{"jetpack_post_was_ever_published":false,"_jetpack_newsletter_access":"","_jetpack_dont_email_post_to_subs":false,"_jetpack_newsletter_tier_id":0,"_jetpack_memberships_contains_paywalled_content":false,"_jetpack_memberships_contains_paid_content":false,"footnotes":"","jetpack_publicize_message":"","jetpack_publicize_feature_enabled":true,"jetpack_social_post_already_shared":false,"jetpack_social_options":{"image_generator_settings":{"template":"highway","default_image_id":0,"font":"","enabled":false},"version":2}},"categories":[723],"tags":[940],"class_list":["post-12952","post","type-post","status-publish","format-standard","hentry","category-sesiones-clinicas","tag-moran"],"jetpack_publicize_connections":[],"jetpack_featured_media_url":"","jetpack_sharing_enabled":true,"post_mailing_queue_ids":[],"_links":{"self":[{"href":"https:\/\/www.icscyl.com\/mileon\/wp-json\/wp\/v2\/posts\/12952","targetHints":{"allow":["GET"]}}],"collection":[{"href":"https:\/\/www.icscyl.com\/mileon\/wp-json\/wp\/v2\/posts"}],"about":[{"href":"https:\/\/www.icscyl.com\/mileon\/wp-json\/wp\/v2\/types\/post"}],"author":[{"embeddable":true,"href":"https:\/\/www.icscyl.com\/mileon\/wp-json\/wp\/v2\/users\/6"}],"replies":[{"embeddable":true,"href":"https:\/\/www.icscyl.com\/mileon\/wp-json\/wp\/v2\/comments?post=12952"}],"version-history":[{"count":0,"href":"https:\/\/www.icscyl.com\/mileon\/wp-json\/wp\/v2\/posts\/12952\/revisions"}],"wp:attachment":[{"href":"https:\/\/www.icscyl.com\/mileon\/wp-json\/wp\/v2\/media?parent=12952"}],"wp:term":[{"taxonomy":"category","embeddable":true,"href":"https:\/\/www.icscyl.com\/mileon\/wp-json\/wp\/v2\/categories?post=12952"},{"taxonomy":"post_tag","embeddable":true,"href":"https:\/\/www.icscyl.com\/mileon\/wp-json\/wp\/v2\/tags?post=12952"}],"curies":[{"name":"wp","href":"https:\/\/api.w.org\/{rel}","templated":true}]}}