{"id":12497,"date":"2017-09-23T09:30:35","date_gmt":"2017-09-23T08:30:35","guid":{"rendered":"https:\/\/mileon.wordpress.com\/?p=12497"},"modified":"2017-09-23T09:30:35","modified_gmt":"2017-09-23T08:30:35","slug":"anemia-enfoque-diagnostico","status":"publish","type":"post","link":"https:\/\/www.icscyl.com\/mileon\/residentes\/2017-09-23\/anemia-enfoque-diagnostico\/","title":{"rendered":"Anemia: enfoque diagn\u00f3stico"},"content":{"rendered":"<p><img loading=\"lazy\" decoding=\"async\" class=\"alignright size-medium wp-image-10021\" src=\"https:\/\/mileon.files.wordpress.com\/2016\/06\/la-anemia-aplasica-y-mds.jpg?w=300\" alt=\"La-anemia-aplasica-y-MDS\" width=\"300\" height=\"110\" \/>La sesi\u00f3n de residentes del pasado lunes fue presentada por la Dra. Hontoria (R1 de Medicina Interna) que repas\u00f3 el diagn\u00f3stico de las anemias, la importancia de las anal\u00edticas, frotis y retis y la interpretraci\u00f3n correcta del hemograma. Su presentaci\u00f3n se encuentra disponible\u00a0<a href=\"https:\/\/drive.google.com\/open?id=0BxXYCqMXR4Zaakh3NGdmc0d2bVE\">aqu\u00ed.<\/a><\/p>\n","protected":false},"excerpt":{"rendered":"<p>La sesi\u00f3n de residentes del pasado lunes fue presentada por la Dra. Hontoria (R1 de Medicina Interna) que repas\u00f3 el diagn\u00f3stico de las anemias, la importancia de las anal\u00edticas, frotis y retis y la interpretraci\u00f3n correcta del hemograma. Su presentaci\u00f3n se encuentra disponible\u00a0aqu\u00ed.<\/p>\n","protected":false},"author":4,"featured_media":0,"comment_status":"open","ping_status":"open","sticky":false,"template":"","format":"standard","meta":{"jetpack_post_was_ever_published":false,"_jetpack_newsletter_access":"","_jetpack_dont_email_post_to_subs":false,"_jetpack_newsletter_tier_id":0,"_jetpack_memberships_contains_paywalled_content":false,"_jetpack_memberships_contains_paid_content":false,"footnotes":"","jetpack_publicize_message":"","jetpack_publicize_feature_enabled":true,"jetpack_social_post_already_shared":false,"jetpack_social_options":{"image_generator_settings":{"template":"highway","default_image_id":0,"font":"","enabled":false},"version":2}},"categories":[721],"tags":[],"class_list":["post-12497","post","type-post","status-publish","format-standard","hentry","category-residentes"],"jetpack_publicize_connections":[],"jetpack_featured_media_url":"","jetpack_sharing_enabled":true,"post_mailing_queue_ids":[],"_links":{"self":[{"href":"https:\/\/www.icscyl.com\/mileon\/wp-json\/wp\/v2\/posts\/12497","targetHints":{"allow":["GET"]}}],"collection":[{"href":"https:\/\/www.icscyl.com\/mileon\/wp-json\/wp\/v2\/posts"}],"about":[{"href":"https:\/\/www.icscyl.com\/mileon\/wp-json\/wp\/v2\/types\/post"}],"author":[{"embeddable":true,"href":"https:\/\/www.icscyl.com\/mileon\/wp-json\/wp\/v2\/users\/4"}],"replies":[{"embeddable":true,"href":"https:\/\/www.icscyl.com\/mileon\/wp-json\/wp\/v2\/comments?post=12497"}],"version-history":[{"count":0,"href":"https:\/\/www.icscyl.com\/mileon\/wp-json\/wp\/v2\/posts\/12497\/revisions"}],"wp:attachment":[{"href":"https:\/\/www.icscyl.com\/mileon\/wp-json\/wp\/v2\/media?parent=12497"}],"wp:term":[{"taxonomy":"category","embeddable":true,"href":"https:\/\/www.icscyl.com\/mileon\/wp-json\/wp\/v2\/categories?post=12497"},{"taxonomy":"post_tag","embeddable":true,"href":"https:\/\/www.icscyl.com\/mileon\/wp-json\/wp\/v2\/tags?post=12497"}],"curies":[{"name":"wp","href":"https:\/\/api.w.org\/{rel}","templated":true}]}}