{"id":12484,"date":"2017-09-20T08:00:12","date_gmt":"2017-09-20T07:00:12","guid":{"rendered":"https:\/\/mileon.wordpress.com\/?p=12484"},"modified":"2017-09-20T08:00:12","modified_gmt":"2017-09-20T07:00:12","slug":"sesion-clinica-272017-taquimiocardiopatia-y-disfuncion-biventricular-severa-secundaria","status":"publish","type":"post","link":"https:\/\/www.icscyl.com\/mileon\/sesiones-clinicas\/2017-09-20\/sesion-clinica-272017-taquimiocardiopatia-y-disfuncion-biventricular-severa-secundaria\/","title":{"rendered":"Sesi\u00f3n cl\u00ednica 27\/2017: Taquimiocardiopat\u00eda y disfunci\u00f3n biventricular severa secundaria"},"content":{"rendered":"<p><img loading=\"lazy\" decoding=\"async\" class=\"alignright size-medium wp-image-12493\" src=\"https:\/\/mileon.files.wordpress.com\/2017\/09\/7462a341-c622-451f-b8e0-b4339403f6fe.jpg?w=300\" alt=\"7462a341-c622-451f-b8e0-b4339403f6fe\" width=\"300\" height=\"283\" \/>El caso cl\u00ednico de la semana pasada trataba sobre una paciente que ingresaba por un cuadro de insuficiencia cardiaca de novo, junto con una fibrilaci\u00f3n auricular en principio de reciente comienzo. El diagn\u00f3stico diferencial lo realiz\u00f3 el Dr. Arg\u00fcelles (R4) y la soluci\u00f3n la aport\u00f3 la Dra. Rodr\u00edguez. La paciente presentaba en las anal\u00edticas datos de hipertiroidismo y en las pruebas de imagen bocio multinodular t\u00f3xico, junto con disfunci\u00f3n ventricular severa relacionada con taquimiocardiopat\u00eda. Fue precisa la realizaci\u00f3n de cardioversi\u00f3n el\u00e9ctrica para controlar la fibrilaci\u00f3n auricular y 6 meses despu\u00e9s presentaba buena evoluci\u00f3n con mejor\u00eda en los par\u00e1metros ecocardiogr\u00e1ficos.\u00a0Su presentaci\u00f3n conjunta se encuentra disponible\u00a0<a href=\"https:\/\/drive.google.com\/open?id=0BxXYCqMXR4ZaOURvZzZFNUJrRkk\">aqu\u00ed.<\/a><\/p>\n","protected":false},"excerpt":{"rendered":"<p>El caso cl\u00ednico de la semana pasada trataba sobre una paciente que ingresaba por un cuadro de insuficiencia cardiaca de novo, junto con una fibrilaci\u00f3n auricular en principio de reciente comienzo. El diagn\u00f3stico diferencial lo realiz\u00f3 el Dr. Arg\u00fcelles (R4) y la soluci\u00f3n la aport\u00f3 la Dra. Rodr\u00edguez. La paciente presentaba en las anal\u00edticas datos [&hellip;]<\/p>\n","protected":false},"author":4,"featured_media":0,"comment_status":"open","ping_status":"open","sticky":false,"template":"","format":"standard","meta":{"jetpack_post_was_ever_published":false,"_jetpack_newsletter_access":"","_jetpack_dont_email_post_to_subs":false,"_jetpack_newsletter_tier_id":0,"_jetpack_memberships_contains_paywalled_content":false,"_jetpack_memberships_contains_paid_content":false,"footnotes":"","jetpack_publicize_message":"","jetpack_publicize_feature_enabled":true,"jetpack_social_post_already_shared":false,"jetpack_social_options":{"image_generator_settings":{"template":"highway","default_image_id":0,"font":"","enabled":false},"version":2}},"categories":[723],"tags":[990],"class_list":["post-12484","post","type-post","status-publish","format-standard","hentry","category-sesiones-clinicas","tag-raquel-rodriguez"],"jetpack_publicize_connections":[],"jetpack_featured_media_url":"","jetpack_sharing_enabled":true,"post_mailing_queue_ids":[],"_links":{"self":[{"href":"https:\/\/www.icscyl.com\/mileon\/wp-json\/wp\/v2\/posts\/12484","targetHints":{"allow":["GET"]}}],"collection":[{"href":"https:\/\/www.icscyl.com\/mileon\/wp-json\/wp\/v2\/posts"}],"about":[{"href":"https:\/\/www.icscyl.com\/mileon\/wp-json\/wp\/v2\/types\/post"}],"author":[{"embeddable":true,"href":"https:\/\/www.icscyl.com\/mileon\/wp-json\/wp\/v2\/users\/4"}],"replies":[{"embeddable":true,"href":"https:\/\/www.icscyl.com\/mileon\/wp-json\/wp\/v2\/comments?post=12484"}],"version-history":[{"count":0,"href":"https:\/\/www.icscyl.com\/mileon\/wp-json\/wp\/v2\/posts\/12484\/revisions"}],"wp:attachment":[{"href":"https:\/\/www.icscyl.com\/mileon\/wp-json\/wp\/v2\/media?parent=12484"}],"wp:term":[{"taxonomy":"category","embeddable":true,"href":"https:\/\/www.icscyl.com\/mileon\/wp-json\/wp\/v2\/categories?post=12484"},{"taxonomy":"post_tag","embeddable":true,"href":"https:\/\/www.icscyl.com\/mileon\/wp-json\/wp\/v2\/tags?post=12484"}],"curies":[{"name":"wp","href":"https:\/\/api.w.org\/{rel}","templated":true}]}}