{"id":12309,"date":"2017-08-16T16:26:29","date_gmt":"2017-08-16T15:26:29","guid":{"rendered":"https:\/\/mileon.wordpress.com\/?p=12309"},"modified":"2017-08-16T16:26:29","modified_gmt":"2017-08-16T15:26:29","slug":"sesion-residentes-manejo-de-la-fiebre-prolongada","status":"publish","type":"post","link":"https:\/\/www.icscyl.com\/mileon\/residentes\/2017-08-16\/sesion-residentes-manejo-de-la-fiebre-prolongada\/","title":{"rendered":"Sesi\u00f3n residentes: manejo de la fiebre prolongada."},"content":{"rendered":"<p><a href=\"https:\/\/mileon.wordpress.com\/2017\/08\/16\/sesion-residentes-manejo-de-la-fiebre-prolongada\/imagen-362\/#main\" rel=\"attachment wp-att-12310\"><img loading=\"lazy\" decoding=\"async\" class=\"alignright wp-image-12310\" src=\"https:\/\/mileon.files.wordpress.com\/2017\/08\/imagen1.jpg?w=300\" alt=\"\" width=\"123\" height=\"60\" \/><\/a>El 7 de agosto de 2017 el Dr. Javier Balaguer Germ\u00e1n (R1 MI) nos habl\u00f3 del manejo de la fiebre prolongada de causa no aclarada. Comenz\u00f3 con la definici\u00f3n de la fiebre de origen desconocido y repas\u00f3 las etiolog\u00edas m\u00e1s representativas, que han ido cambiando a lo largo del tiempo. Acaba con la aproximaci\u00f3n diagn\u00f3stica que tenemos que realizar para filiar la causa.<br \/>\nSu presentaci\u00f3n se puede descargar en el siguiente <strong><a href=\"https:\/\/drive.google.com\/file\/d\/0BxXYCqMXR4ZaMWNrZ0pfVWZKSEU\/view?usp=sharing\">enlace.<\/a><\/strong><\/p>\n","protected":false},"excerpt":{"rendered":"<p>El 7 de agosto de 2017 el Dr. Javier Balaguer Germ\u00e1n (R1 MI) nos habl\u00f3 del manejo de la fiebre prolongada de causa no aclarada. Comenz\u00f3 con la definici\u00f3n de la fiebre de origen desconocido y repas\u00f3 las etiolog\u00edas m\u00e1s representativas, que han ido cambiando a lo largo del tiempo. Acaba con la aproximaci\u00f3n diagn\u00f3stica [&hellip;]<\/p>\n","protected":false},"author":6,"featured_media":0,"comment_status":"open","ping_status":"open","sticky":false,"template":"","format":"standard","meta":{"jetpack_post_was_ever_published":false,"_jetpack_newsletter_access":"","_jetpack_dont_email_post_to_subs":false,"_jetpack_newsletter_tier_id":0,"_jetpack_memberships_contains_paywalled_content":false,"_jetpack_memberships_contains_paid_content":false,"footnotes":"","jetpack_publicize_message":"","jetpack_publicize_feature_enabled":true,"jetpack_social_post_already_shared":false,"jetpack_social_options":{"image_generator_settings":{"template":"highway","default_image_id":0,"font":"","enabled":false},"version":2}},"categories":[721],"tags":[762],"class_list":["post-12309","post","type-post","status-publish","format-standard","hentry","category-residentes","tag-balaguer"],"jetpack_publicize_connections":[],"jetpack_featured_media_url":"","jetpack_sharing_enabled":true,"post_mailing_queue_ids":[],"_links":{"self":[{"href":"https:\/\/www.icscyl.com\/mileon\/wp-json\/wp\/v2\/posts\/12309","targetHints":{"allow":["GET"]}}],"collection":[{"href":"https:\/\/www.icscyl.com\/mileon\/wp-json\/wp\/v2\/posts"}],"about":[{"href":"https:\/\/www.icscyl.com\/mileon\/wp-json\/wp\/v2\/types\/post"}],"author":[{"embeddable":true,"href":"https:\/\/www.icscyl.com\/mileon\/wp-json\/wp\/v2\/users\/6"}],"replies":[{"embeddable":true,"href":"https:\/\/www.icscyl.com\/mileon\/wp-json\/wp\/v2\/comments?post=12309"}],"version-history":[{"count":0,"href":"https:\/\/www.icscyl.com\/mileon\/wp-json\/wp\/v2\/posts\/12309\/revisions"}],"wp:attachment":[{"href":"https:\/\/www.icscyl.com\/mileon\/wp-json\/wp\/v2\/media?parent=12309"}],"wp:term":[{"taxonomy":"category","embeddable":true,"href":"https:\/\/www.icscyl.com\/mileon\/wp-json\/wp\/v2\/categories?post=12309"},{"taxonomy":"post_tag","embeddable":true,"href":"https:\/\/www.icscyl.com\/mileon\/wp-json\/wp\/v2\/tags?post=12309"}],"curies":[{"name":"wp","href":"https:\/\/api.w.org\/{rel}","templated":true}]}}