{"id":12240,"date":"2017-07-27T19:18:51","date_gmt":"2017-07-27T18:18:51","guid":{"rendered":"https:\/\/mileon.wordpress.com\/?p=12240"},"modified":"2017-07-27T19:18:51","modified_gmt":"2017-07-27T18:18:51","slug":"sesion-bibliopgrafica-viernes-21-de-julio","status":"publish","type":"post","link":"https:\/\/www.icscyl.com\/mileon\/sesiones-bibliograficas\/2017-07-27\/sesion-bibliopgrafica-viernes-21-de-julio\/","title":{"rendered":"Sesi\u00f3n Bibliogr\u00e1fica viernes 21 de Julio."},"content":{"rendered":"<p style=\"text-align:justify;\">La Sesi\u00f3n la present\u00f3 el Dr. Guerra sobre una serie de art\u00edculos publicados recientemente referidos a enfermedades infecciosas. En la primera parte se analizan una<img loading=\"lazy\" decoding=\"async\" class=\"  wp-image-12254 alignright\" src=\"https:\/\/mileon.files.wordpress.com\/2017\/07\/imagen16.jpg\" alt=\"Imagen1\" width=\"279\" height=\"232\" \/> serie de trabajos centrados en el manejo inicial de la sepsis, en la importancia de la administraci\u00f3n precoz de los antibi\u00f3ticos y en la necesidad de difundir de una mejor forma todas las recomendaciones sobre esta patolog\u00eda. El segundo grupo de publicaciones analiza las diferentes formas de evaluar los resultados de la aplicaci\u00f3n de un Programa PROA y las recomendaciones sobre cu\u00e1l puede ser la mejor estrategia. Para acabar, un trabajo que revisa la indicaci\u00f3n de realizar un TAC craneal antes de una punci\u00f3n lumbar.<\/p>\n<p style=\"text-align:justify;\">Para ver la presentaci\u00f3n completa, <a href=\"https:\/\/drive.google.com\/file\/d\/0BxXYCqMXR4ZaOEFJMTNFaWV1TlE\/view?usp=sharing\"><em><strong>pinchar AQU\u00cd<\/strong><\/em><\/a><\/p>\n","protected":false},"excerpt":{"rendered":"<p>La Sesi\u00f3n la present\u00f3 el Dr. Guerra sobre una serie de art\u00edculos publicados recientemente referidos a enfermedades infecciosas. En la primera parte se analizan una serie de trabajos centrados en el manejo inicial de la sepsis, en la importancia de la administraci\u00f3n precoz de los antibi\u00f3ticos y en la necesidad de difundir de una mejor [&hellip;]<\/p>\n","protected":false},"author":5,"featured_media":0,"comment_status":"open","ping_status":"open","sticky":false,"template":"","format":"standard","meta":{"jetpack_post_was_ever_published":false,"_jetpack_newsletter_access":"","_jetpack_dont_email_post_to_subs":false,"_jetpack_newsletter_tier_id":0,"_jetpack_memberships_contains_paywalled_content":false,"_jetpack_memberships_contains_paid_content":false,"footnotes":"","jetpack_publicize_message":"","jetpack_publicize_feature_enabled":true,"jetpack_social_post_already_shared":false,"jetpack_social_options":{"image_generator_settings":{"template":"highway","default_image_id":0,"font":"","enabled":false},"version":2}},"categories":[722],"tags":[861],"class_list":["post-12240","post","type-post","status-publish","format-standard","hentry","category-sesiones-bibliograficas","tag-guerra"],"jetpack_publicize_connections":[],"jetpack_featured_media_url":"","jetpack_sharing_enabled":true,"post_mailing_queue_ids":[],"_links":{"self":[{"href":"https:\/\/www.icscyl.com\/mileon\/wp-json\/wp\/v2\/posts\/12240","targetHints":{"allow":["GET"]}}],"collection":[{"href":"https:\/\/www.icscyl.com\/mileon\/wp-json\/wp\/v2\/posts"}],"about":[{"href":"https:\/\/www.icscyl.com\/mileon\/wp-json\/wp\/v2\/types\/post"}],"author":[{"embeddable":true,"href":"https:\/\/www.icscyl.com\/mileon\/wp-json\/wp\/v2\/users\/5"}],"replies":[{"embeddable":true,"href":"https:\/\/www.icscyl.com\/mileon\/wp-json\/wp\/v2\/comments?post=12240"}],"version-history":[{"count":0,"href":"https:\/\/www.icscyl.com\/mileon\/wp-json\/wp\/v2\/posts\/12240\/revisions"}],"wp:attachment":[{"href":"https:\/\/www.icscyl.com\/mileon\/wp-json\/wp\/v2\/media?parent=12240"}],"wp:term":[{"taxonomy":"category","embeddable":true,"href":"https:\/\/www.icscyl.com\/mileon\/wp-json\/wp\/v2\/categories?post=12240"},{"taxonomy":"post_tag","embeddable":true,"href":"https:\/\/www.icscyl.com\/mileon\/wp-json\/wp\/v2\/tags?post=12240"}],"curies":[{"name":"wp","href":"https:\/\/api.w.org\/{rel}","templated":true}]}}