{"id":11970,"date":"2017-06-13T20:14:35","date_gmt":"2017-06-13T19:14:35","guid":{"rendered":"https:\/\/mileon.wordpress.com\/?p=11970"},"modified":"2017-06-13T20:14:35","modified_gmt":"2017-06-13T19:14:35","slug":"solucion-al-caso-clinico-del-miercoles-7-de-junio-de-2017","status":"publish","type":"post","link":"https:\/\/www.icscyl.com\/mileon\/sesiones-clinicas\/2017-06-13\/solucion-al-caso-clinico-del-miercoles-7-de-junio-de-2017\/","title":{"rendered":"Soluci\u00f3n al Caso Cl\u00ednico del mi\u00e9rcoles 7 de Junio de 2017."},"content":{"rendered":"<p style=\"text-align:justify;\">Recordamos que se trataba del caso de un paciente var\u00f3n de 83 a\u00f1os que ingresaba para estudio de s\u00edndrome general. En los estudios iniciales el enfermo presentaba ascitis, con<img loading=\"lazy\" decoding=\"async\" class=\"  wp-image-11978 alignright\" src=\"https:\/\/mileon.files.wordpress.com\/2017\/06\/imagen11.jpg\" alt=\"Imagen1\" width=\"281\" height=\"158\" \/> gradiente alb\u00famimna S\/A &lt;1,1 y con estudios anal\u00edticos y radiol\u00f3gicos no concluyentes. La Dra. Nakaire Bonache hace el diagn\u00f3stico diferencial en base a las patolog\u00edas que pueden provocar este tipo de ascitis y plantea como posibilidades diagn\u00f3sticas carcinomatosis peritoneal, peritonitis tuberculosa y menos probable amiloidosis. En el turno de opiniones se plantea la normalidad de los marcadores tumorales solicitados, la repetida negatividad de las citolog\u00edas del l\u00edquido asc\u00edtico y el progresivo deterioro del paciente a lo largo del ingreso. Para la resoluci\u00f3n del caso, se detallan los antecedentes del paciente, entre ellos un TAc abdominal dos a\u00f1os antes en el que ya se describ\u00edan unos n\u00f3dulos peritoneales inespec\u00edficos. Se realiz\u00f3 necropsia y el resultado definitivo fue el de una neoplasia de p\u00e1ncreas con extensa afectaci\u00f3n metast\u00e1sica e infiltraci\u00f3n difusa de diferenrtes localizaciones. Destacar adem\u00e1s la existencia de infecci\u00f3n f\u00fangica a nivel pulmonar.<\/p>\n<p>Para ver la presentaci\u00f3n completa <a href=\"https:\/\/drive.google.com\/file\/d\/0BxXYCqMXR4ZaUE1WWHVuQV9GVGc\/view?usp=sharing\"><em><strong>pinchar AQU\u00cd<\/strong><\/em><\/a><\/p>\n","protected":false},"excerpt":{"rendered":"<p>Recordamos que se trataba del caso de un paciente var\u00f3n de 83 a\u00f1os que ingresaba para estudio de s\u00edndrome general. En los estudios iniciales el enfermo presentaba ascitis, con gradiente alb\u00famimna S\/A &lt;1,1 y con estudios anal\u00edticos y radiol\u00f3gicos no concluyentes. La Dra. Nakaire Bonache hace el diagn\u00f3stico diferencial en base a las patolog\u00edas que [&hellip;]<\/p>\n","protected":false},"author":5,"featured_media":0,"comment_status":"open","ping_status":"open","sticky":false,"template":"","format":"standard","meta":{"jetpack_post_was_ever_published":false,"_jetpack_newsletter_access":"","_jetpack_dont_email_post_to_subs":false,"_jetpack_newsletter_tier_id":0,"_jetpack_memberships_contains_paywalled_content":false,"_jetpack_memberships_contains_paid_content":false,"footnotes":"","jetpack_publicize_message":"","jetpack_publicize_feature_enabled":true,"jetpack_social_post_already_shared":false,"jetpack_social_options":{"image_generator_settings":{"template":"highway","default_image_id":0,"font":"","enabled":false},"version":2}},"categories":[723],"tags":[861],"class_list":["post-11970","post","type-post","status-publish","format-standard","hentry","category-sesiones-clinicas","tag-guerra"],"jetpack_publicize_connections":[],"jetpack_featured_media_url":"","jetpack_sharing_enabled":true,"post_mailing_queue_ids":[],"_links":{"self":[{"href":"https:\/\/www.icscyl.com\/mileon\/wp-json\/wp\/v2\/posts\/11970","targetHints":{"allow":["GET"]}}],"collection":[{"href":"https:\/\/www.icscyl.com\/mileon\/wp-json\/wp\/v2\/posts"}],"about":[{"href":"https:\/\/www.icscyl.com\/mileon\/wp-json\/wp\/v2\/types\/post"}],"author":[{"embeddable":true,"href":"https:\/\/www.icscyl.com\/mileon\/wp-json\/wp\/v2\/users\/5"}],"replies":[{"embeddable":true,"href":"https:\/\/www.icscyl.com\/mileon\/wp-json\/wp\/v2\/comments?post=11970"}],"version-history":[{"count":0,"href":"https:\/\/www.icscyl.com\/mileon\/wp-json\/wp\/v2\/posts\/11970\/revisions"}],"wp:attachment":[{"href":"https:\/\/www.icscyl.com\/mileon\/wp-json\/wp\/v2\/media?parent=11970"}],"wp:term":[{"taxonomy":"category","embeddable":true,"href":"https:\/\/www.icscyl.com\/mileon\/wp-json\/wp\/v2\/categories?post=11970"},{"taxonomy":"post_tag","embeddable":true,"href":"https:\/\/www.icscyl.com\/mileon\/wp-json\/wp\/v2\/tags?post=11970"}],"curies":[{"name":"wp","href":"https:\/\/api.w.org\/{rel}","templated":true}]}}