{"id":11116,"date":"2017-01-23T11:00:37","date_gmt":"2017-01-23T10:00:37","guid":{"rendered":"https:\/\/mileon.wordpress.com\/?p=11116"},"modified":"2017-01-23T11:00:37","modified_gmt":"2017-01-23T10:00:37","slug":"ileitis-por-yersinia-enterocolitica","status":"publish","type":"post","link":"https:\/\/www.icscyl.com\/mileon\/sesiones-clinicas\/2017-01-23\/ileitis-por-yersinia-enterocolitica\/","title":{"rendered":"Sesi\u00f3n cl\u00ednica 2\/2017: Ileitis por Yersinia enterocolitica"},"content":{"rendered":"<p><img loading=\"lazy\" decoding=\"async\" class=\" size-full wp-image-11121 alignright\" src=\"https:\/\/mileon.files.wordpress.com\/2017\/01\/ileitis.jpg\" alt=\"Indigestion\" width=\"260\" height=\"173\" \/>La \u00faltima sesi\u00f3n cl\u00ednica trataba sobre un paciente joven que ingresaba por un cuadro de dolor abdominal de unos d\u00edas de evoluci\u00f3n, en el que se encontraban datos de probable ileitis en las pruebas de imagen practicadas en urgencias. La Dra. Mart\u00ednez realiz\u00f3 el diagn\u00f3stico diferencial sobre el caso y la soluci\u00f3n la aport\u00f3 la Dra. Muinelo; el coprocultivo fue positivo para Yersinia y en el TC y colonoscopia no se encontraron otras alteraciones de inter\u00e9s. La evoluci\u00f3n del paciente fue favorable.\u00a0Su presentaci\u00f3n conjunta se encuentra disponible\u00a0<a href=\"https:\/\/drive.google.com\/file\/d\/0BxXYCqMXR4ZacS1fbUpxTVlzdXc\/view?usp=sharing\">aqu\u00ed.<\/a><\/p>\n","protected":false},"excerpt":{"rendered":"<p>La \u00faltima sesi\u00f3n cl\u00ednica trataba sobre un paciente joven que ingresaba por un cuadro de dolor abdominal de unos d\u00edas de evoluci\u00f3n, en el que se encontraban datos de probable ileitis en las pruebas de imagen practicadas en urgencias. La Dra. Mart\u00ednez realiz\u00f3 el diagn\u00f3stico diferencial sobre el caso y la soluci\u00f3n la aport\u00f3 la [&hellip;]<\/p>\n","protected":false},"author":4,"featured_media":0,"comment_status":"open","ping_status":"open","sticky":false,"template":"","format":"standard","meta":{"jetpack_post_was_ever_published":false,"_jetpack_newsletter_access":"","_jetpack_dont_email_post_to_subs":false,"_jetpack_newsletter_tier_id":0,"_jetpack_memberships_contains_paywalled_content":false,"_jetpack_memberships_contains_paid_content":false,"footnotes":"","jetpack_publicize_message":"","jetpack_publicize_feature_enabled":true,"jetpack_social_post_already_shared":false,"jetpack_social_options":{"image_generator_settings":{"template":"highway","default_image_id":0,"font":"","enabled":false},"version":2}},"categories":[723],"tags":[947],"class_list":["post-11116","post","type-post","status-publish","format-standard","hentry","category-sesiones-clinicas","tag-muinelo"],"jetpack_publicize_connections":[],"jetpack_featured_media_url":"","jetpack_sharing_enabled":true,"post_mailing_queue_ids":[],"_links":{"self":[{"href":"https:\/\/www.icscyl.com\/mileon\/wp-json\/wp\/v2\/posts\/11116","targetHints":{"allow":["GET"]}}],"collection":[{"href":"https:\/\/www.icscyl.com\/mileon\/wp-json\/wp\/v2\/posts"}],"about":[{"href":"https:\/\/www.icscyl.com\/mileon\/wp-json\/wp\/v2\/types\/post"}],"author":[{"embeddable":true,"href":"https:\/\/www.icscyl.com\/mileon\/wp-json\/wp\/v2\/users\/4"}],"replies":[{"embeddable":true,"href":"https:\/\/www.icscyl.com\/mileon\/wp-json\/wp\/v2\/comments?post=11116"}],"version-history":[{"count":0,"href":"https:\/\/www.icscyl.com\/mileon\/wp-json\/wp\/v2\/posts\/11116\/revisions"}],"wp:attachment":[{"href":"https:\/\/www.icscyl.com\/mileon\/wp-json\/wp\/v2\/media?parent=11116"}],"wp:term":[{"taxonomy":"category","embeddable":true,"href":"https:\/\/www.icscyl.com\/mileon\/wp-json\/wp\/v2\/categories?post=11116"},{"taxonomy":"post_tag","embeddable":true,"href":"https:\/\/www.icscyl.com\/mileon\/wp-json\/wp\/v2\/tags?post=11116"}],"curies":[{"name":"wp","href":"https:\/\/api.w.org\/{rel}","templated":true}]}}