{"id":10487,"date":"2016-09-15T16:08:51","date_gmt":"2016-09-15T15:08:51","guid":{"rendered":"https:\/\/mileon.wordpress.com\/?p=10487"},"modified":"2016-09-15T16:08:51","modified_gmt":"2016-09-15T15:08:51","slug":"fibrilacion-auricular-en-el-2015","status":"publish","type":"post","link":"https:\/\/www.icscyl.com\/mileon\/sesiones-bibliograficas\/2016-09-15\/fibrilacion-auricular-en-el-2015\/","title":{"rendered":"Fibrilaci\u00f3n auricular en el 2015"},"content":{"rendered":"<p><img loading=\"lazy\" decoding=\"async\" class=\" size-full wp-image-10495 alignright\" src=\"https:\/\/mileon.files.wordpress.com\/2016\/09\/la-salud-de-mauricio-macri-2214115w280.jpg\" alt=\"la-salud-de-mauricio-macri-2214115w280\" width=\"280\" height=\"157\" \/>Amplia revisi\u00f3n presentada el pasado 2 de Septiembre en la sesi\u00f3n bibliogr\u00e1fica de adjuntos por el Dr. \u00c1ngel Mart\u00ednez.\u00a0Partiendo de un art\u00edculo publicado recientemente en la revista Heart, se revisan los factores de riesgo de progresi\u00f3n a fibrilaci\u00f3n auricular cr\u00f3nica, la utilidad de los biomarcadores y de las t\u00e9cnicas de imagen, para en su parte final comentar\u00a0el tratamiento anticoagulante y la ablaci\u00f3n.<\/p>\n<p>Su presentaci\u00f3n se encuentra disponible en el siguiente\u00a0<a href=\"https:\/\/drive.google.com\/file\/d\/0BxXYCqMXR4ZacDlvcGEwd1Mwbms\/view?usp=sharing\">enlace.<\/a><\/p>\n","protected":false},"excerpt":{"rendered":"<p>Amplia revisi\u00f3n presentada el pasado 2 de Septiembre en la sesi\u00f3n bibliogr\u00e1fica de adjuntos por el Dr. \u00c1ngel Mart\u00ednez.\u00a0Partiendo de un art\u00edculo publicado recientemente en la revista Heart, se revisan los factores de riesgo de progresi\u00f3n a fibrilaci\u00f3n auricular cr\u00f3nica, la utilidad de los biomarcadores y de las t\u00e9cnicas de imagen, para en su parte [&hellip;]<\/p>\n","protected":false},"author":4,"featured_media":0,"comment_status":"open","ping_status":"open","sticky":false,"template":"","format":"standard","meta":{"jetpack_post_was_ever_published":false,"_jetpack_newsletter_access":"","_jetpack_dont_email_post_to_subs":false,"_jetpack_newsletter_tier_id":0,"_jetpack_memberships_contains_paywalled_content":false,"_jetpack_memberships_contains_paid_content":false,"footnotes":"","jetpack_publicize_message":"","jetpack_publicize_feature_enabled":true,"jetpack_social_post_already_shared":false,"jetpack_social_options":{"image_generator_settings":{"template":"highway","default_image_id":0,"font":"","enabled":false},"version":2}},"categories":[722],"tags":[747],"class_list":["post-10487","post","type-post","status-publish","format-standard","hentry","category-sesiones-bibliograficas","tag-angel-martinez"],"jetpack_publicize_connections":[],"jetpack_featured_media_url":"","jetpack_sharing_enabled":true,"post_mailing_queue_ids":[],"_links":{"self":[{"href":"https:\/\/www.icscyl.com\/mileon\/wp-json\/wp\/v2\/posts\/10487","targetHints":{"allow":["GET"]}}],"collection":[{"href":"https:\/\/www.icscyl.com\/mileon\/wp-json\/wp\/v2\/posts"}],"about":[{"href":"https:\/\/www.icscyl.com\/mileon\/wp-json\/wp\/v2\/types\/post"}],"author":[{"embeddable":true,"href":"https:\/\/www.icscyl.com\/mileon\/wp-json\/wp\/v2\/users\/4"}],"replies":[{"embeddable":true,"href":"https:\/\/www.icscyl.com\/mileon\/wp-json\/wp\/v2\/comments?post=10487"}],"version-history":[{"count":0,"href":"https:\/\/www.icscyl.com\/mileon\/wp-json\/wp\/v2\/posts\/10487\/revisions"}],"wp:attachment":[{"href":"https:\/\/www.icscyl.com\/mileon\/wp-json\/wp\/v2\/media?parent=10487"}],"wp:term":[{"taxonomy":"category","embeddable":true,"href":"https:\/\/www.icscyl.com\/mileon\/wp-json\/wp\/v2\/categories?post=10487"},{"taxonomy":"post_tag","embeddable":true,"href":"https:\/\/www.icscyl.com\/mileon\/wp-json\/wp\/v2\/tags?post=10487"}],"curies":[{"name":"wp","href":"https:\/\/api.w.org\/{rel}","templated":true}]}}