{"id":10242,"date":"2016-08-02T16:06:16","date_gmt":"2016-08-02T15:06:16","guid":{"rendered":"https:\/\/mileon.wordpress.com\/?p=10242"},"modified":"2016-08-02T16:06:16","modified_gmt":"2016-08-02T15:06:16","slug":"sesion-residentes-manejo-practico-de-las-demencias","status":"publish","type":"post","link":"https:\/\/www.icscyl.com\/mileon\/residentes\/2016-08-02\/sesion-residentes-manejo-practico-de-las-demencias\/","title":{"rendered":"Sesi\u00f3n residentes: manejo pr\u00e1ctico de las demencias."},"content":{"rendered":"<p style=\"text-align:justify;\"><img loading=\"lazy\" decoding=\"async\" class=\"alignright  wp-image-10243\" src=\"https:\/\/mileon.files.wordpress.com\/2016\/08\/imagen.jpeg\" alt=\"imagen\" width=\"200\" height=\"168\" \/>El 1 de agosto de 2016 la Dra Gabriela Rodrigo Stevens (R1 Neurolog\u00eda) repas\u00f3 las demencias. Comenz\u00f3 por su definici\u00f3n\u00a0record\u00e1ndonos los criterios de la DSM-5 y que la debemos diferenciar de otros procesos como el delirium o trastornos psiqui\u00e1tricos. Es importante descartar las formas secundarias al tener tratamiento y no ser una demencia como tal. Se\u00f1al\u00f3 los test m\u00e1s usados para la valoraci\u00f3n neuropsicol\u00f3gica y explic\u00f3 las caracter\u00edsticas m\u00e1s relevantes de las principales formas.<\/p>\n<p style=\"text-align:justify;\">Su presentaci\u00f3n se puede visualizar en el siguiente <strong><a href=\"https:\/\/drive.google.com\/file\/d\/0BxXYCqMXR4ZaUlY1X3JfaFFiLTQ\/view?usp=sharing\">enlace.<\/a><\/strong><\/p>\n","protected":false},"excerpt":{"rendered":"<p>El 1 de agosto de 2016 la Dra Gabriela Rodrigo Stevens (R1 Neurolog\u00eda) repas\u00f3 las demencias. Comenz\u00f3 por su definici\u00f3n\u00a0record\u00e1ndonos los criterios de la DSM-5 y que la debemos diferenciar de otros procesos como el delirium o trastornos psiqui\u00e1tricos. Es importante descartar las formas secundarias al tener tratamiento y no ser una demencia como tal. [&hellip;]<\/p>\n","protected":false},"author":6,"featured_media":0,"comment_status":"open","ping_status":"open","sticky":false,"template":"","format":"standard","meta":{"jetpack_post_was_ever_published":false,"_jetpack_newsletter_access":"","_jetpack_dont_email_post_to_subs":false,"_jetpack_newsletter_tier_id":0,"_jetpack_memberships_contains_paywalled_content":false,"_jetpack_memberships_contains_paid_content":false,"footnotes":"","jetpack_publicize_message":"","jetpack_publicize_feature_enabled":true,"jetpack_social_post_already_shared":false,"jetpack_social_options":{"image_generator_settings":{"template":"highway","default_image_id":0,"font":"","enabled":false},"version":2}},"categories":[721],"tags":[851],"class_list":["post-10242","post","type-post","status-publish","format-standard","hentry","category-residentes","tag-gabriela"],"jetpack_publicize_connections":[],"jetpack_featured_media_url":"","jetpack_sharing_enabled":true,"post_mailing_queue_ids":[],"_links":{"self":[{"href":"https:\/\/www.icscyl.com\/mileon\/wp-json\/wp\/v2\/posts\/10242","targetHints":{"allow":["GET"]}}],"collection":[{"href":"https:\/\/www.icscyl.com\/mileon\/wp-json\/wp\/v2\/posts"}],"about":[{"href":"https:\/\/www.icscyl.com\/mileon\/wp-json\/wp\/v2\/types\/post"}],"author":[{"embeddable":true,"href":"https:\/\/www.icscyl.com\/mileon\/wp-json\/wp\/v2\/users\/6"}],"replies":[{"embeddable":true,"href":"https:\/\/www.icscyl.com\/mileon\/wp-json\/wp\/v2\/comments?post=10242"}],"version-history":[{"count":0,"href":"https:\/\/www.icscyl.com\/mileon\/wp-json\/wp\/v2\/posts\/10242\/revisions"}],"wp:attachment":[{"href":"https:\/\/www.icscyl.com\/mileon\/wp-json\/wp\/v2\/media?parent=10242"}],"wp:term":[{"taxonomy":"category","embeddable":true,"href":"https:\/\/www.icscyl.com\/mileon\/wp-json\/wp\/v2\/categories?post=10242"},{"taxonomy":"post_tag","embeddable":true,"href":"https:\/\/www.icscyl.com\/mileon\/wp-json\/wp\/v2\/tags?post=10242"}],"curies":[{"name":"wp","href":"https:\/\/api.w.org\/{rel}","templated":true}]}}